{"id":3915,"date":"2021-06-05T15:27:56","date_gmt":"2021-06-05T15:27:56","guid":{"rendered":"https:\/\/nucleo-lc.org\/?p=3915"},"modified":"2022-07-19T16:09:33","modified_gmt":"2022-07-19T16:09:33","slug":"exposicion-be-my-quarantine","status":"publish","type":"post","link":"https:\/\/nucleo-lc.org\/en\/2021\/06\/05\/exposicion-be-my-quarantine\/","title":{"rendered":"Exposici\u00f3n \u00abBE MY QUARANTINE\u00bb \u2014 Museo Nogueira da Silva, Braga"},"content":{"rendered":"<div class=\"wpb-content-wrapper\"><section class=\"l-section wpb_row us_custom_445b4a37 centrar height_medium width_full\"><div class=\"l-section-h i-cf\"><div class=\"g-cols vc_row via_flex valign_top type_default stacking_default\"><div class=\"vc_col-sm-12 wpb_column vc_column_container\"><div class=\"vc_column-inner us_custom_6e59d6f4\"><div class=\"wpb_wrapper\"><section class=\"l-section wpb_row us_custom_821ea863 centrar height_medium width_full\"><div class=\"l-section-h i-cf\"><div class=\"g-cols vc_row via_flex valign_top type_default stacking_default\"><div class=\"vc_col-sm-12 wpb_column vc_column_container\"><div class=\"vc_column-inner us_custom_6e59d6f4\"><div class=\"wpb_wrapper\"><div class=\"w-post-elm post_taxonomy us_custom_3516b961 has_text_color style_simple color_link_inherit\"><span>ONE OBSTRUCTION<\/span><\/div><\/div><\/div><\/div><\/div><\/div><\/section>\n<\/div><\/div><\/div><\/div><\/div><\/section><section class=\"l-section wpb_row us_custom_f99dbbc4 height_medium width_full\"><div class=\"l-section-h i-cf\"><div class=\"g-cols vc_row via_flex valign_top type_default stacking_default\"><div class=\"vc_col-sm-12 wpb_column vc_column_container\"><div class=\"vc_column-inner\"><div class=\"wpb_wrapper\"><h2 class=\"w-post-elm post_title us_custom_fe968b72 titulobr has_text_color entry-title color_link_inherit\">Exposici\u00f3n \u00abBE MY QUARANTINE\u00bb \u2014 Museo Nogueira da Silva, Braga<\/h2><\/div><\/div><\/div><\/div><\/div><\/section><section class=\"l-section wpb_row us_custom_5aa180d2 height_medium width_full\"><div class=\"l-section-h i-cf\"><div class=\"g-cols vc_row via_flex valign_top type_default stacking_default\"><div class=\"vc_col-sm-12 wpb_column vc_column_container\"><div class=\"vc_column-inner\"><div class=\"wpb_wrapper\"><div class=\"w-image align_none\"><div class=\"w-image-h\"><img loading=\"lazy\" decoding=\"async\" width=\"872\" height=\"292\" src=\"https:\/\/nucleo-lc.org\/wp-content\/uploads\/2021\/11\/MNS2021_BeMyQuarantine.png\" class=\"attachment-full size-full\" alt=\"\" srcset=\"https:\/\/nucleo-lc.org\/wp-content\/uploads\/2021\/11\/MNS2021_BeMyQuarantine.png 872w, https:\/\/nucleo-lc.org\/wp-content\/uploads\/2021\/11\/MNS2021_BeMyQuarantine-300x100.png 300w, https:\/\/nucleo-lc.org\/wp-content\/uploads\/2021\/11\/MNS2021_BeMyQuarantine-120x40.png 120w, https:\/\/nucleo-lc.org\/wp-content\/uploads\/2021\/11\/MNS2021_BeMyQuarantine-180x60.png 180w\" sizes=\"auto, (max-width: 872px) 100vw, 872px\" \/><\/div><\/div><\/div><\/div><\/div><\/div><\/div><\/section><section class=\"l-section wpb_row us_custom_86b0c89d height_medium width_full\"><div class=\"l-section-h i-cf\"><div class=\"g-cols vc_row via_flex valign_top type_default stacking_default\"><div class=\"vc_col-sm-6 wpb_column vc_column_container\"><div class=\"vc_column-inner us_custom_4916a5e1\"><div class=\"wpb_wrapper\"><div class=\"wpb_text_column us_custom_1e0e9307 textopublicacion\"><div class=\"wpb_wrapper\"><p>\u00abBe my Quarantine\u00bb: mapeo de tiempos y espacios de aislamiento<br \/>\nDel 5 de junio al 4 de septiembre de 2021<br \/>\nMuseo Nogueira da Silva (Av. Central 61, Braga)<br \/>\nEntrada libre<\/p>\n<p>A principios de abril de 2020, Space Transcribers lanz\u00f3 una convocatoria abierta que buscaba fomentar el debate sobre el momento cr\u00edtico que estamos viviendo debido al COVID-19, es decir, la distancia humana y espacial causada por la cuarentena obligatoria. Esta convocatoria abierta inst\u00f3 a las partes interesadas de m\u00faltiples \u00e1reas disciplinarias a documentar, archivar y representar cr\u00edticamente, a partir de sus experiencias personales, cuestiones sobre los tiempos y espacios de aislamiento.<\/p>\n<p>La exposici\u00f3n Be my Quarantine: mapeo de tiempos y espacios de aislamiento, que ahora abre tras un retraso debido a un nuevo confinamiento impuesto en enero de 2021, re\u00fane 30 propuestas multidisciplinares en diferentes formatos &#8211; video, danza, artefactos, fotograf\u00eda, entre otros &#8211; que respondi\u00f3 al desaf\u00edo lanzado por la convocatoria abierta. Las propuestas presentadas representan los per\u00edodos de encierro de 41 participantes aislados en diferentes puntos geogr\u00e1ficos del globo, quienes, a pesar de ser distantes, comparten di\u00e1logos comunes.<\/p>\n<p>Curadur\u00eda y producci\u00f3n<br \/>\nDaniel Duarte Pereira<br \/>\nFernando P. Ferreira<\/p>\n<p>Space Transcribers es una asociaci\u00f3n sin \u00e1nimo de lucro con sede en Braga, Portugal, coordinada por Daniel Duarte Pereira y Fernando P. Ferreira, y que colabora con una red internacional de arquitectos, urbanistas y artistas. Su metodolog\u00eda explora acciones espec\u00edficas del sitio, en forma de talleres, eventos, exposiciones y publicaciones, que se enfocan en las especificidades y din\u00e1micas de los lugares donde operan.<\/p>\n<\/div><\/div><\/div><\/div><\/div><div class=\"vc_col-sm-6 wpb_column vc_column_container\"><div class=\"vc_column-inner us_custom_7b996bff\"><div class=\"wpb_wrapper\"><div class=\"wpb_text_column us_custom_5a7a5e48 has_text_color\"><div class=\"wpb_wrapper\"><p><a href=\"https:\/\/www.spacetranscribers.com\/PT\/\" target=\"_blank\" rel=\"noopener\">Space Transcribers<\/a><br \/>\n<a href=\"http:\/\/www.mns.uminho.pt\/\" target=\"_blank\" rel=\"noopener\">Museo Nogueira da Silva<\/a><\/p>\n<\/div><\/div><\/div><\/div><\/div><\/div><\/div><\/section>\n<\/div>","protected":false},"excerpt":{"rendered":"ONE OBSTRUCTION Exposici\u00f3n \u00abBE MY QUARANTINE\u00bb \u2014 Museo Nogueira da Silva, Braga\u00abBe my Quarantine\u00bb: mapeo de tiempos y espacios de aislamiento Del 5 de junio al 4 de septiembre de 2021 Museo Nogueira da Silva (Av. Central 61, Braga) Entrada libre A principios de abril de 2020, Space Transcribers lanz\u00f3 una convocatoria abierta que buscaba...","protected":false},"author":4,"featured_media":3920,"comment_status":"closed","ping_status":"closed","sticky":false,"template":"","format":"standard","meta":{"footnotes":""},"categories":[19],"tags":[45],"categoriasgenerales":[67],"class_list":["post-3915","post","type-post","status-publish","format-standard","has-post-thumbnail","hentry","category-exposiciones","tag-one-obstruction","categoriasgenerales-exposiciones"],"acf":[],"yoast_head":"<!-- This site is optimized with the Yoast SEO plugin v26.9 - https:\/\/yoast.com\/product\/yoast-seo-wordpress\/ -->\n<title>Exposici\u00f3n &quot;BE MY QUARANTINE&quot; \u2014 Museo Nogueira da Silva, Braga - NLC<\/title>\n<meta name=\"robots\" content=\"index, follow, max-snippet:-1, max-image-preview:large, max-video-preview:-1\" \/>\n<link rel=\"canonical\" href=\"https:\/\/nucleo-lc.org\/en\/2021\/06\/05\/exposicion-be-my-quarantine\/\" \/>\n<meta property=\"og:locale\" content=\"en_US\" \/>\n<meta property=\"og:type\" content=\"article\" \/>\n<meta property=\"og:title\" content=\"Exposici\u00f3n &quot;BE MY QUARANTINE&quot; \u2014 Museo Nogueira da Silva, Braga - NLC\" \/>\n<meta property=\"og:url\" content=\"https:\/\/nucleo-lc.org\/en\/2021\/06\/05\/exposicion-be-my-quarantine\/\" \/>\n<meta property=\"og:site_name\" content=\"NLC\" \/>\n<meta property=\"article:published_time\" content=\"2021-06-05T15:27:56+00:00\" \/>\n<meta property=\"article:modified_time\" content=\"2022-07-19T16:09:33+00:00\" \/>\n<meta property=\"og:image\" content=\"https:\/\/nucleo-lc.org\/wp-content\/uploads\/2021\/11\/Captura-de-Pantalla-2021-11-19-a-las-12.16.03-copia.jpg\" \/>\n\t<meta property=\"og:image:width\" content=\"600\" \/>\n\t<meta property=\"og:image:height\" content=\"600\" \/>\n\t<meta property=\"og:image:type\" content=\"image\/jpeg\" \/>\n<meta name=\"author\" content=\"Fernando Portal\" \/>\n<meta name=\"twitter:card\" content=\"summary_large_image\" \/>\n<meta name=\"twitter:label1\" content=\"Written by\" \/>\n\t<meta name=\"twitter:data1\" content=\"Fernando Portal\" \/>\n\t<meta name=\"twitter:label2\" content=\"Est. reading time\" \/>\n\t<meta name=\"twitter:data2\" content=\"4 minutes\" \/>\n<script type=\"application\/ld+json\" class=\"yoast-schema-graph\">{\"@context\":\"https:\/\/schema.org\",\"@graph\":[{\"@type\":\"Article\",\"@id\":\"https:\/\/nucleo-lc.org\/2021\/06\/05\/exposicion-be-my-quarantine\/#article\",\"isPartOf\":{\"@id\":\"https:\/\/nucleo-lc.org\/2021\/06\/05\/exposicion-be-my-quarantine\/\"},\"author\":{\"name\":\"Fernando Portal\",\"@id\":\"https:\/\/nucleo-lc.org\/#\/schema\/person\/7aa8e782798b0c2027a5788739cae0ea\"},\"headline\":\"Exposici\u00f3n \u00abBE MY QUARANTINE\u00bb \u2014 Museo Nogueira da Silva, Braga\",\"datePublished\":\"2021-06-05T15:27:56+00:00\",\"dateModified\":\"2022-07-19T16:09:33+00:00\",\"mainEntityOfPage\":{\"@id\":\"https:\/\/nucleo-lc.org\/2021\/06\/05\/exposicion-be-my-quarantine\/\"},\"wordCount\":717,\"image\":{\"@id\":\"https:\/\/nucleo-lc.org\/2021\/06\/05\/exposicion-be-my-quarantine\/#primaryimage\"},\"thumbnailUrl\":\"https:\/\/nucleo-lc.org\/wp-content\/uploads\/2021\/11\/Captura-de-Pantalla-2021-11-19-a-las-12.16.03-copia.jpg\",\"keywords\":[\"ONE OBSTRUCTION\"],\"articleSection\":[\"EXPOSICIONES\"],\"inLanguage\":\"en-US\"},{\"@type\":\"WebPage\",\"@id\":\"https:\/\/nucleo-lc.org\/2021\/06\/05\/exposicion-be-my-quarantine\/\",\"url\":\"https:\/\/nucleo-lc.org\/2021\/06\/05\/exposicion-be-my-quarantine\/\",\"name\":\"Exposici\u00f3n \\\"BE MY QUARANTINE\\\" \u2014 Museo Nogueira da Silva, Braga - NLC\",\"isPartOf\":{\"@id\":\"https:\/\/nucleo-lc.org\/#website\"},\"primaryImageOfPage\":{\"@id\":\"https:\/\/nucleo-lc.org\/2021\/06\/05\/exposicion-be-my-quarantine\/#primaryimage\"},\"image\":{\"@id\":\"https:\/\/nucleo-lc.org\/2021\/06\/05\/exposicion-be-my-quarantine\/#primaryimage\"},\"thumbnailUrl\":\"https:\/\/nucleo-lc.org\/wp-content\/uploads\/2021\/11\/Captura-de-Pantalla-2021-11-19-a-las-12.16.03-copia.jpg\",\"datePublished\":\"2021-06-05T15:27:56+00:00\",\"dateModified\":\"2022-07-19T16:09:33+00:00\",\"author\":{\"@id\":\"https:\/\/nucleo-lc.org\/#\/schema\/person\/7aa8e782798b0c2027a5788739cae0ea\"},\"breadcrumb\":{\"@id\":\"https:\/\/nucleo-lc.org\/2021\/06\/05\/exposicion-be-my-quarantine\/#breadcrumb\"},\"inLanguage\":\"en-US\",\"potentialAction\":[{\"@type\":\"ReadAction\",\"target\":[\"https:\/\/nucleo-lc.org\/2021\/06\/05\/exposicion-be-my-quarantine\/\"]}]},{\"@type\":\"ImageObject\",\"inLanguage\":\"en-US\",\"@id\":\"https:\/\/nucleo-lc.org\/2021\/06\/05\/exposicion-be-my-quarantine\/#primaryimage\",\"url\":\"https:\/\/nucleo-lc.org\/wp-content\/uploads\/2021\/11\/Captura-de-Pantalla-2021-11-19-a-las-12.16.03-copia.jpg\",\"contentUrl\":\"https:\/\/nucleo-lc.org\/wp-content\/uploads\/2021\/11\/Captura-de-Pantalla-2021-11-19-a-las-12.16.03-copia.jpg\",\"width\":600,\"height\":600},{\"@type\":\"BreadcrumbList\",\"@id\":\"https:\/\/nucleo-lc.org\/2021\/06\/05\/exposicion-be-my-quarantine\/#breadcrumb\",\"itemListElement\":[{\"@type\":\"ListItem\",\"position\":1,\"name\":\"Portada\",\"item\":\"https:\/\/nucleo-lc.org\/\"},{\"@type\":\"ListItem\",\"position\":2,\"name\":\"Exposici\u00f3n \u00abBE MY QUARANTINE\u00bb \u2014 Museo Nogueira da Silva, Braga\"}]},{\"@type\":\"WebSite\",\"@id\":\"https:\/\/nucleo-lc.org\/#website\",\"url\":\"https:\/\/nucleo-lc.org\/\",\"name\":\"NLC\",\"description\":\"N\u00daCLEO LENGUAJE CREACI\u00d3N\",\"potentialAction\":[{\"@type\":\"SearchAction\",\"target\":{\"@type\":\"EntryPoint\",\"urlTemplate\":\"https:\/\/nucleo-lc.org\/?s={search_term_string}\"},\"query-input\":{\"@type\":\"PropertyValueSpecification\",\"valueRequired\":true,\"valueName\":\"search_term_string\"}}],\"inLanguage\":\"en-US\"},{\"@type\":\"Person\",\"@id\":\"https:\/\/nucleo-lc.org\/#\/schema\/person\/7aa8e782798b0c2027a5788739cae0ea\",\"name\":\"Fernando Portal\",\"image\":{\"@type\":\"ImageObject\",\"inLanguage\":\"en-US\",\"@id\":\"https:\/\/nucleo-lc.org\/#\/schema\/person\/image\/\",\"url\":\"https:\/\/secure.gravatar.com\/avatar\/28429de6a957a86d6b67ac5aded78762fd35baa021af8052124ae566923ed565?s=96&d=mm&r=g\",\"contentUrl\":\"https:\/\/secure.gravatar.com\/avatar\/28429de6a957a86d6b67ac5aded78762fd35baa021af8052124ae566923ed565?s=96&d=mm&r=g\",\"caption\":\"Fernando Portal\"},\"sameAs\":[\"https:\/\/nucleo-lc.org\/\"],\"url\":\"https:\/\/nucleo-lc.org\/en\/author\/fernando\/\"}]}<\/script>\n<!-- \/ Yoast SEO plugin. -->","yoast_head_json":{"title":"Exposici\u00f3n \"BE MY QUARANTINE\" \u2014 Museo Nogueira da Silva, Braga - NLC","robots":{"index":"index","follow":"follow","max-snippet":"max-snippet:-1","max-image-preview":"max-image-preview:large","max-video-preview":"max-video-preview:-1"},"canonical":"https:\/\/nucleo-lc.org\/en\/2021\/06\/05\/exposicion-be-my-quarantine\/","og_locale":"en_US","og_type":"article","og_title":"Exposici\u00f3n \"BE MY QUARANTINE\" \u2014 Museo Nogueira da Silva, Braga - NLC","og_url":"https:\/\/nucleo-lc.org\/en\/2021\/06\/05\/exposicion-be-my-quarantine\/","og_site_name":"NLC","article_published_time":"2021-06-05T15:27:56+00:00","article_modified_time":"2022-07-19T16:09:33+00:00","og_image":[{"width":600,"height":600,"url":"https:\/\/nucleo-lc.org\/wp-content\/uploads\/2021\/11\/Captura-de-Pantalla-2021-11-19-a-las-12.16.03-copia.jpg","type":"image\/jpeg"}],"author":"Fernando Portal","twitter_card":"summary_large_image","twitter_misc":{"Written by":"Fernando Portal","Est. reading time":"4 minutes"},"schema":{"@context":"https:\/\/schema.org","@graph":[{"@type":"Article","@id":"https:\/\/nucleo-lc.org\/2021\/06\/05\/exposicion-be-my-quarantine\/#article","isPartOf":{"@id":"https:\/\/nucleo-lc.org\/2021\/06\/05\/exposicion-be-my-quarantine\/"},"author":{"name":"Fernando Portal","@id":"https:\/\/nucleo-lc.org\/#\/schema\/person\/7aa8e782798b0c2027a5788739cae0ea"},"headline":"Exposici\u00f3n \u00abBE MY QUARANTINE\u00bb \u2014 Museo Nogueira da Silva, Braga","datePublished":"2021-06-05T15:27:56+00:00","dateModified":"2022-07-19T16:09:33+00:00","mainEntityOfPage":{"@id":"https:\/\/nucleo-lc.org\/2021\/06\/05\/exposicion-be-my-quarantine\/"},"wordCount":717,"image":{"@id":"https:\/\/nucleo-lc.org\/2021\/06\/05\/exposicion-be-my-quarantine\/#primaryimage"},"thumbnailUrl":"https:\/\/nucleo-lc.org\/wp-content\/uploads\/2021\/11\/Captura-de-Pantalla-2021-11-19-a-las-12.16.03-copia.jpg","keywords":["ONE OBSTRUCTION"],"articleSection":["EXPOSICIONES"],"inLanguage":"en-US"},{"@type":"WebPage","@id":"https:\/\/nucleo-lc.org\/2021\/06\/05\/exposicion-be-my-quarantine\/","url":"https:\/\/nucleo-lc.org\/2021\/06\/05\/exposicion-be-my-quarantine\/","name":"Exposici\u00f3n \"BE MY QUARANTINE\" \u2014 Museo Nogueira da Silva, Braga - NLC","isPartOf":{"@id":"https:\/\/nucleo-lc.org\/#website"},"primaryImageOfPage":{"@id":"https:\/\/nucleo-lc.org\/2021\/06\/05\/exposicion-be-my-quarantine\/#primaryimage"},"image":{"@id":"https:\/\/nucleo-lc.org\/2021\/06\/05\/exposicion-be-my-quarantine\/#primaryimage"},"thumbnailUrl":"https:\/\/nucleo-lc.org\/wp-content\/uploads\/2021\/11\/Captura-de-Pantalla-2021-11-19-a-las-12.16.03-copia.jpg","datePublished":"2021-06-05T15:27:56+00:00","dateModified":"2022-07-19T16:09:33+00:00","author":{"@id":"https:\/\/nucleo-lc.org\/#\/schema\/person\/7aa8e782798b0c2027a5788739cae0ea"},"breadcrumb":{"@id":"https:\/\/nucleo-lc.org\/2021\/06\/05\/exposicion-be-my-quarantine\/#breadcrumb"},"inLanguage":"en-US","potentialAction":[{"@type":"ReadAction","target":["https:\/\/nucleo-lc.org\/2021\/06\/05\/exposicion-be-my-quarantine\/"]}]},{"@type":"ImageObject","inLanguage":"en-US","@id":"https:\/\/nucleo-lc.org\/2021\/06\/05\/exposicion-be-my-quarantine\/#primaryimage","url":"https:\/\/nucleo-lc.org\/wp-content\/uploads\/2021\/11\/Captura-de-Pantalla-2021-11-19-a-las-12.16.03-copia.jpg","contentUrl":"https:\/\/nucleo-lc.org\/wp-content\/uploads\/2021\/11\/Captura-de-Pantalla-2021-11-19-a-las-12.16.03-copia.jpg","width":600,"height":600},{"@type":"BreadcrumbList","@id":"https:\/\/nucleo-lc.org\/2021\/06\/05\/exposicion-be-my-quarantine\/#breadcrumb","itemListElement":[{"@type":"ListItem","position":1,"name":"Portada","item":"https:\/\/nucleo-lc.org\/"},{"@type":"ListItem","position":2,"name":"Exposici\u00f3n \u00abBE MY QUARANTINE\u00bb \u2014 Museo Nogueira da Silva, Braga"}]},{"@type":"WebSite","@id":"https:\/\/nucleo-lc.org\/#website","url":"https:\/\/nucleo-lc.org\/","name":"NLC","description":"N\u00daCLEO LENGUAJE CREACI\u00d3N","potentialAction":[{"@type":"SearchAction","target":{"@type":"EntryPoint","urlTemplate":"https:\/\/nucleo-lc.org\/?s={search_term_string}"},"query-input":{"@type":"PropertyValueSpecification","valueRequired":true,"valueName":"search_term_string"}}],"inLanguage":"en-US"},{"@type":"Person","@id":"https:\/\/nucleo-lc.org\/#\/schema\/person\/7aa8e782798b0c2027a5788739cae0ea","name":"Fernando Portal","image":{"@type":"ImageObject","inLanguage":"en-US","@id":"https:\/\/nucleo-lc.org\/#\/schema\/person\/image\/","url":"https:\/\/secure.gravatar.com\/avatar\/28429de6a957a86d6b67ac5aded78762fd35baa021af8052124ae566923ed565?s=96&d=mm&r=g","contentUrl":"https:\/\/secure.gravatar.com\/avatar\/28429de6a957a86d6b67ac5aded78762fd35baa021af8052124ae566923ed565?s=96&d=mm&r=g","caption":"Fernando Portal"},"sameAs":["https:\/\/nucleo-lc.org\/"],"url":"https:\/\/nucleo-lc.org\/en\/author\/fernando\/"}]}},"_links":{"self":[{"href":"https:\/\/nucleo-lc.org\/en\/wp-json\/wp\/v2\/posts\/3915","targetHints":{"allow":["GET"]}}],"collection":[{"href":"https:\/\/nucleo-lc.org\/en\/wp-json\/wp\/v2\/posts"}],"about":[{"href":"https:\/\/nucleo-lc.org\/en\/wp-json\/wp\/v2\/types\/post"}],"author":[{"embeddable":true,"href":"https:\/\/nucleo-lc.org\/en\/wp-json\/wp\/v2\/users\/4"}],"replies":[{"embeddable":true,"href":"https:\/\/nucleo-lc.org\/en\/wp-json\/wp\/v2\/comments?post=3915"}],"version-history":[{"count":3,"href":"https:\/\/nucleo-lc.org\/en\/wp-json\/wp\/v2\/posts\/3915\/revisions"}],"predecessor-version":[{"id":5083,"href":"https:\/\/nucleo-lc.org\/en\/wp-json\/wp\/v2\/posts\/3915\/revisions\/5083"}],"wp:featuredmedia":[{"embeddable":true,"href":"https:\/\/nucleo-lc.org\/en\/wp-json\/wp\/v2\/media\/3920"}],"wp:attachment":[{"href":"https:\/\/nucleo-lc.org\/en\/wp-json\/wp\/v2\/media?parent=3915"}],"wp:term":[{"taxonomy":"category","embeddable":true,"href":"https:\/\/nucleo-lc.org\/en\/wp-json\/wp\/v2\/categories?post=3915"},{"taxonomy":"post_tag","embeddable":true,"href":"https:\/\/nucleo-lc.org\/en\/wp-json\/wp\/v2\/tags?post=3915"},{"taxonomy":"categoriasgenerales","embeddable":true,"href":"https:\/\/nucleo-lc.org\/en\/wp-json\/wp\/v2\/categoriasgenerales?post=3915"}],"curies":[{"name":"wp","href":"https:\/\/api.w.org\/{rel}","templated":true}]}}