{"id":4435,"date":"2021-10-06T23:12:24","date_gmt":"2021-10-06T23:12:24","guid":{"rendered":"https:\/\/nucleo-lc.org\/?p=4435"},"modified":"2022-07-01T20:37:07","modified_gmt":"2022-07-01T20:37:07","slug":"2o-seminario-internacional-arquitectura-y-etnografia","status":"publish","type":"post","link":"https:\/\/nucleo-lc.org\/en\/2021\/10\/06\/2o-seminario-internacional-arquitectura-y-etnografia\/","title":{"rendered":"2\u00ba Seminario Internacional Arquitectura y Etnograf\u00eda"},"content":{"rendered":"<div class=\"wpb-content-wrapper\"><section class=\"l-section wpb_row us_custom_445b4a37 centrar height_medium width_full\"><div class=\"l-section-h i-cf\"><div class=\"g-cols vc_row via_flex valign_top type_default stacking_default\"><div class=\"vc_col-sm-12 wpb_column vc_column_container\"><div class=\"vc_column-inner us_custom_6e59d6f4\"><div class=\"wpb_wrapper\"><div class=\"w-post-elm post_taxonomy us_custom_3516b961 has_text_color style_simple color_link_inherit\"><span>EVENTS<\/span><\/div><\/div><\/div><\/div><\/div><\/div><\/section><section class=\"l-section wpb_row us_custom_f99dbbc4 height_medium width_full\"><div class=\"l-section-h i-cf\"><div class=\"g-cols vc_row via_flex valign_top type_default stacking_default\"><div class=\"vc_col-sm-12 wpb_column vc_column_container\"><div class=\"vc_column-inner\"><div class=\"wpb_wrapper\"><h2 class=\"w-post-elm post_title us_custom_fe968b72 titulobr has_text_color entry-title color_link_inherit\">2\u00ba Seminario Internacional Arquitectura y Etnograf\u00eda<\/h2><\/div><\/div><\/div><\/div><\/div><\/section><section class=\"l-section wpb_row us_custom_86b0c89d height_medium\"><div class=\"l-section-h i-cf\"><div class=\"g-cols vc_row via_flex valign_top type_default stacking_default\"><div class=\"vc_col-sm-12 wpb_column vc_column_container\"><div class=\"vc_column-inner\"><div class=\"wpb_wrapper\"><div class=\"w-image align_center\"><a target=\"_blank\" href=\"https:\/\/arquitecturayetnografia.cl\/seminario\/\" rel=\"noopener\" aria-label=\"Link\" class=\"w-image-h\"><img loading=\"lazy\" decoding=\"async\" width=\"819\" height=\"1024\" src=\"https:\/\/nucleo-lc.org\/wp-content\/uploads\/2022\/05\/Poster-Seminario-2021-scaled-1-819x1024.jpeg\" class=\"attachment-large size-large\" alt=\"\" srcset=\"https:\/\/nucleo-lc.org\/wp-content\/uploads\/2022\/05\/Poster-Seminario-2021-scaled-1-819x1024.jpeg 819w, https:\/\/nucleo-lc.org\/wp-content\/uploads\/2022\/05\/Poster-Seminario-2021-scaled-1-240x300.jpeg 240w, https:\/\/nucleo-lc.org\/wp-content\/uploads\/2022\/05\/Poster-Seminario-2021-scaled-1-1229x1536.jpeg 1229w, https:\/\/nucleo-lc.org\/wp-content\/uploads\/2022\/05\/Poster-Seminario-2021-scaled-1.jpeg 2048w\" sizes=\"auto, (max-width: 819px) 100vw, 819px\" \/><\/a><\/div><\/div><\/div><\/div><\/div><\/div><\/section><section class=\"l-section wpb_row us_custom_86b0c89d height_medium width_full\"><div class=\"l-section-h i-cf\"><div class=\"g-cols vc_row via_flex valign_top type_default stacking_default\"><div class=\"vc_col-sm-6 wpb_column vc_column_container\"><div class=\"vc_column-inner us_custom_4916a5e1\"><div class=\"wpb_wrapper\"><div class=\"wpb_text_column us_custom_1e0e9307 textopublicacion\"><div class=\"wpb_wrapper\"><p>\u00bfQU\u00c9 ES LA AE?<br \/>\nEl Seminario Internacional Arquitectura y Etnograf\u00eda es un espacio de intersecci\u00f3n y encuentro para quienes estudiamos el espacio y las diversas formas de habitarlo, representarlo e imaginarlo. Entre la arquitectura, la antropolog\u00eda, la geograf\u00eda, el urbanismo y la sociolog\u00eda, nos sentamos junto al fuego para pensar nuevas formas de abordar los fen\u00f3menos territoriales. \u00bfCu\u00e1les son las relaciones entre etnograf\u00eda y arquitectura? \u00bfcu\u00e1les los alcances y desaf\u00edos de las nuevas tecnolog\u00edas y m\u00e9todos de investigaci\u00f3n espacial? \u00bfcu\u00e1les sus puntos de encuentro, fricciones y avenencias? \u00bfcu\u00e1l es el rol de los sentidos en la epistemolog\u00eda de lo socio-espacial, y la distancia entre lo que es, lo que vemos y lo que representamos? En ese terreno acampamos, invit\u00e1ndolos a unirse.<\/p>\n<p>COMIT\u00c9 ORGANIZADOR<br \/>\nJos\u00e9 Ab\u00e1solo, Arquitecto con Mag\u00edster en la Escola T\u00e8cnica Superior d\u2019Arquitectura de Barcelona. Ha realizado proyectos e investigaciones en Espa\u00f1a, Chipre, India y Brasil. El 2004 funda Labase Architecture &amp; Urbanism en Kabul. Desde el 2008 forma parte de URBZ, con base en Mumbai, Santiago de Chile y Sao Paulo. Ha desarrollado una carrera docente vinculado a diferentes Escuelas de Arquitectura tales como UNIACC, la Universidad de Talca y la Universidad Mayor.<\/p>\n<p>Dr. Ricardo Greene, Antrop\u00f3logo Visual\u2028, Soci\u00f3logo, Mag\u00edster en desarrollo urbano y doctor en antropolog\u00eda por Goldsmiths.<\/p>\n<p>Linda Schilling, Arquitecta<\/p>\n<p>Fernando Portal, Arquitecto<\/p>\n<p>COMIT\u00c9 ASESOR PERMANENTE<br \/>\nDra. Francisca M\u00e1rquez, Antrop\u00f3loga \u2028Universidad Alberto Hurtado (Chile)<\/p>\n<p>Dra. Amar\u00ed Peliowski, Arquitecto\u2028Universidad de Chile (Chile)<\/p>\n<p>Dr. Raymond Lucas, Arquitecto\u2028The University of Manchester (Inglaterra)<\/p>\n<p>COMIT\u00c9 ASESOR SEMINARIO A&amp;E 2022<br \/>\nNicol\u00e1s Verdejo, Arquitecto, \u2028Penn State University (EEUU)<br \/>\nDr. Francisco Vergara-Perucich, Arquitecto\u2028, Universidad de Las Am\u00e9ricas (Chile)\u2028Isabel Serra, Urbanista, \u2028Universidad Diego Portales (Chile)<br \/>\nDaniel Opazo, Arquitecto, \u2028Universidad de Chile (Chile)<br \/>\nDra. Francisca M\u00e1rquez, Antrop\u00f3loga, \u2028Universidad Alberto Hurtado (Chile)<br \/>\nLuc\u00eda de Abrantes, Antrop\u00f3loga\u2028, Universidad Nacional San Mart\u00edn (Argentina)<br \/>\nMarie Combette, Arquitecta, \u2028Pontificia Universidad Cat\u00f3lica del Ecuador (Ecuador)<\/p>\n<\/div><\/div><\/div><\/div><\/div><div class=\"vc_col-sm-6 wpb_column vc_column_container\"><div class=\"vc_column-inner us_custom_7b996bff\"><div class=\"wpb_wrapper\"><div class=\"w-separator size_small\"><\/div><div class=\"wpb_text_column us_custom_9672b6d3\"><div class=\"wpb_wrapper\"><p>Mas informaci\u00f3n:<br \/>\n<a href=\"https:\/\/arquitecturayetnografia.cl\/inicio\/\" target=\"_blank\" rel=\"noopener\">Arquitectura y Etnograf\u00eda<\/a><\/p>\n<p>6, 7 y 8 de octubre, 2021<\/p>\n<p>En asociaci\u00f3n con:<br \/>\n<a href=\"http:\/\/www.bifurcaciones.cl\/2020\/08\/arquitectura-y-etnografia\/\" target=\"_blank\" rel=\"noopener noreferrer\">Editorial Bifurcaciones<\/a><br \/>\n<a href=\"https:\/\/www.instagram.com\/bifurcaciones\/\" target=\"_blank\" rel=\"noopener noreferrer\">@bifurcaciones<\/a><\/p>\n<\/div><\/div><\/div><\/div><\/div><\/div><\/div><\/section>\n<\/div>","protected":false},"excerpt":{"rendered":"EVENTOS2\u00ba Seminario Internacional Arquitectura y Etnograf\u00eda\u00bfQU\u00c9 ES LA AE? El Seminario Internacional Arquitectura y Etnograf\u00eda es un espacio de intersecci\u00f3n y encuentro para quienes estudiamos el espacio y las diversas formas de habitarlo, representarlo e imaginarlo. Entre la arquitectura, la antropolog\u00eda, la geograf\u00eda, el urbanismo y la sociolog\u00eda, nos sentamos junto al fuego para pensar...","protected":false},"author":4,"featured_media":4437,"comment_status":"closed","ping_status":"closed","sticky":false,"template":"","format":"standard","meta":{"footnotes":""},"categories":[26],"tags":[55],"categoriasgenerales":[70],"class_list":["post-4435","post","type-post","status-publish","format-standard","has-post-thumbnail","hentry","category-eventos","tag-arquitectura-y-etnografia","categoriasgenerales-eventos"],"acf":[],"yoast_head":"<!-- This site is optimized with the Yoast SEO plugin v26.9 - https:\/\/yoast.com\/product\/yoast-seo-wordpress\/ -->\n<title>2\u00ba Seminario Internacional Arquitectura y Etnograf\u00eda - NLC<\/title>\n<meta name=\"robots\" content=\"index, follow, max-snippet:-1, max-image-preview:large, max-video-preview:-1\" \/>\n<link rel=\"canonical\" href=\"https:\/\/nucleo-lc.org\/en\/2021\/10\/06\/2o-seminario-internacional-arquitectura-y-etnografia\/\" \/>\n<meta property=\"og:locale\" content=\"en_US\" \/>\n<meta property=\"og:type\" content=\"article\" \/>\n<meta property=\"og:title\" content=\"2\u00ba Seminario Internacional Arquitectura y Etnograf\u00eda - NLC\" \/>\n<meta property=\"og:url\" content=\"https:\/\/nucleo-lc.org\/en\/2021\/10\/06\/2o-seminario-internacional-arquitectura-y-etnografia\/\" \/>\n<meta property=\"og:site_name\" content=\"NLC\" \/>\n<meta property=\"article:published_time\" content=\"2021-10-06T23:12:24+00:00\" \/>\n<meta property=\"article:modified_time\" content=\"2022-07-01T20:37:07+00:00\" \/>\n<meta property=\"og:image\" content=\"https:\/\/nucleo-lc.org\/wp-content\/uploads\/2022\/05\/slider01.jpg\" \/>\n\t<meta property=\"og:image:width\" content=\"1000\" \/>\n\t<meta property=\"og:image:height\" content=\"1018\" \/>\n\t<meta property=\"og:image:type\" content=\"image\/jpeg\" \/>\n<meta name=\"author\" content=\"Fernando Portal\" \/>\n<meta name=\"twitter:card\" content=\"summary_large_image\" \/>\n<meta name=\"twitter:label1\" content=\"Written by\" \/>\n\t<meta name=\"twitter:data1\" content=\"Fernando Portal\" \/>\n\t<meta name=\"twitter:label2\" content=\"Est. reading time\" \/>\n\t<meta name=\"twitter:data2\" content=\"4 minutes\" \/>\n<script type=\"application\/ld+json\" class=\"yoast-schema-graph\">{\"@context\":\"https:\/\/schema.org\",\"@graph\":[{\"@type\":\"Article\",\"@id\":\"https:\/\/nucleo-lc.org\/2021\/10\/06\/2o-seminario-internacional-arquitectura-y-etnografia\/#article\",\"isPartOf\":{\"@id\":\"https:\/\/nucleo-lc.org\/2021\/10\/06\/2o-seminario-internacional-arquitectura-y-etnografia\/\"},\"author\":{\"name\":\"Fernando Portal\",\"@id\":\"https:\/\/nucleo-lc.org\/#\/schema\/person\/7aa8e782798b0c2027a5788739cae0ea\"},\"headline\":\"2\u00ba Seminario Internacional Arquitectura y Etnograf\u00eda\",\"datePublished\":\"2021-10-06T23:12:24+00:00\",\"dateModified\":\"2022-07-01T20:37:07+00:00\",\"mainEntityOfPage\":{\"@id\":\"https:\/\/nucleo-lc.org\/2021\/10\/06\/2o-seminario-internacional-arquitectura-y-etnografia\/\"},\"wordCount\":827,\"image\":{\"@id\":\"https:\/\/nucleo-lc.org\/2021\/10\/06\/2o-seminario-internacional-arquitectura-y-etnografia\/#primaryimage\"},\"thumbnailUrl\":\"https:\/\/nucleo-lc.org\/wp-content\/uploads\/2022\/05\/slider01.jpg\",\"keywords\":[\"ARQUITECTURA Y ETNOGRAF\u00cdA\"],\"articleSection\":[\"EVENTOS\"],\"inLanguage\":\"en-US\"},{\"@type\":\"WebPage\",\"@id\":\"https:\/\/nucleo-lc.org\/2021\/10\/06\/2o-seminario-internacional-arquitectura-y-etnografia\/\",\"url\":\"https:\/\/nucleo-lc.org\/2021\/10\/06\/2o-seminario-internacional-arquitectura-y-etnografia\/\",\"name\":\"2\u00ba Seminario Internacional Arquitectura y Etnograf\u00eda - NLC\",\"isPartOf\":{\"@id\":\"https:\/\/nucleo-lc.org\/#website\"},\"primaryImageOfPage\":{\"@id\":\"https:\/\/nucleo-lc.org\/2021\/10\/06\/2o-seminario-internacional-arquitectura-y-etnografia\/#primaryimage\"},\"image\":{\"@id\":\"https:\/\/nucleo-lc.org\/2021\/10\/06\/2o-seminario-internacional-arquitectura-y-etnografia\/#primaryimage\"},\"thumbnailUrl\":\"https:\/\/nucleo-lc.org\/wp-content\/uploads\/2022\/05\/slider01.jpg\",\"datePublished\":\"2021-10-06T23:12:24+00:00\",\"dateModified\":\"2022-07-01T20:37:07+00:00\",\"author\":{\"@id\":\"https:\/\/nucleo-lc.org\/#\/schema\/person\/7aa8e782798b0c2027a5788739cae0ea\"},\"breadcrumb\":{\"@id\":\"https:\/\/nucleo-lc.org\/2021\/10\/06\/2o-seminario-internacional-arquitectura-y-etnografia\/#breadcrumb\"},\"inLanguage\":\"en-US\",\"potentialAction\":[{\"@type\":\"ReadAction\",\"target\":[\"https:\/\/nucleo-lc.org\/2021\/10\/06\/2o-seminario-internacional-arquitectura-y-etnografia\/\"]}]},{\"@type\":\"ImageObject\",\"inLanguage\":\"en-US\",\"@id\":\"https:\/\/nucleo-lc.org\/2021\/10\/06\/2o-seminario-internacional-arquitectura-y-etnografia\/#primaryimage\",\"url\":\"https:\/\/nucleo-lc.org\/wp-content\/uploads\/2022\/05\/slider01.jpg\",\"contentUrl\":\"https:\/\/nucleo-lc.org\/wp-content\/uploads\/2022\/05\/slider01.jpg\",\"width\":1000,\"height\":1018},{\"@type\":\"BreadcrumbList\",\"@id\":\"https:\/\/nucleo-lc.org\/2021\/10\/06\/2o-seminario-internacional-arquitectura-y-etnografia\/#breadcrumb\",\"itemListElement\":[{\"@type\":\"ListItem\",\"position\":1,\"name\":\"Portada\",\"item\":\"https:\/\/nucleo-lc.org\/\"},{\"@type\":\"ListItem\",\"position\":2,\"name\":\"2\u00ba Seminario Internacional Arquitectura y Etnograf\u00eda\"}]},{\"@type\":\"WebSite\",\"@id\":\"https:\/\/nucleo-lc.org\/#website\",\"url\":\"https:\/\/nucleo-lc.org\/\",\"name\":\"NLC\",\"description\":\"N\u00daCLEO LENGUAJE CREACI\u00d3N\",\"potentialAction\":[{\"@type\":\"SearchAction\",\"target\":{\"@type\":\"EntryPoint\",\"urlTemplate\":\"https:\/\/nucleo-lc.org\/?s={search_term_string}\"},\"query-input\":{\"@type\":\"PropertyValueSpecification\",\"valueRequired\":true,\"valueName\":\"search_term_string\"}}],\"inLanguage\":\"en-US\"},{\"@type\":\"Person\",\"@id\":\"https:\/\/nucleo-lc.org\/#\/schema\/person\/7aa8e782798b0c2027a5788739cae0ea\",\"name\":\"Fernando Portal\",\"image\":{\"@type\":\"ImageObject\",\"inLanguage\":\"en-US\",\"@id\":\"https:\/\/nucleo-lc.org\/#\/schema\/person\/image\/\",\"url\":\"https:\/\/secure.gravatar.com\/avatar\/28429de6a957a86d6b67ac5aded78762fd35baa021af8052124ae566923ed565?s=96&d=mm&r=g\",\"contentUrl\":\"https:\/\/secure.gravatar.com\/avatar\/28429de6a957a86d6b67ac5aded78762fd35baa021af8052124ae566923ed565?s=96&d=mm&r=g\",\"caption\":\"Fernando Portal\"},\"sameAs\":[\"https:\/\/nucleo-lc.org\/\"],\"url\":\"https:\/\/nucleo-lc.org\/en\/author\/fernando\/\"}]}<\/script>\n<!-- \/ Yoast SEO plugin. -->","yoast_head_json":{"title":"2\u00ba Seminario Internacional Arquitectura y Etnograf\u00eda - NLC","robots":{"index":"index","follow":"follow","max-snippet":"max-snippet:-1","max-image-preview":"max-image-preview:large","max-video-preview":"max-video-preview:-1"},"canonical":"https:\/\/nucleo-lc.org\/en\/2021\/10\/06\/2o-seminario-internacional-arquitectura-y-etnografia\/","og_locale":"en_US","og_type":"article","og_title":"2\u00ba Seminario Internacional Arquitectura y Etnograf\u00eda - NLC","og_url":"https:\/\/nucleo-lc.org\/en\/2021\/10\/06\/2o-seminario-internacional-arquitectura-y-etnografia\/","og_site_name":"NLC","article_published_time":"2021-10-06T23:12:24+00:00","article_modified_time":"2022-07-01T20:37:07+00:00","og_image":[{"width":1000,"height":1018,"url":"https:\/\/nucleo-lc.org\/wp-content\/uploads\/2022\/05\/slider01.jpg","type":"image\/jpeg"}],"author":"Fernando Portal","twitter_card":"summary_large_image","twitter_misc":{"Written by":"Fernando Portal","Est. reading time":"4 minutes"},"schema":{"@context":"https:\/\/schema.org","@graph":[{"@type":"Article","@id":"https:\/\/nucleo-lc.org\/2021\/10\/06\/2o-seminario-internacional-arquitectura-y-etnografia\/#article","isPartOf":{"@id":"https:\/\/nucleo-lc.org\/2021\/10\/06\/2o-seminario-internacional-arquitectura-y-etnografia\/"},"author":{"name":"Fernando Portal","@id":"https:\/\/nucleo-lc.org\/#\/schema\/person\/7aa8e782798b0c2027a5788739cae0ea"},"headline":"2\u00ba Seminario Internacional Arquitectura y Etnograf\u00eda","datePublished":"2021-10-06T23:12:24+00:00","dateModified":"2022-07-01T20:37:07+00:00","mainEntityOfPage":{"@id":"https:\/\/nucleo-lc.org\/2021\/10\/06\/2o-seminario-internacional-arquitectura-y-etnografia\/"},"wordCount":827,"image":{"@id":"https:\/\/nucleo-lc.org\/2021\/10\/06\/2o-seminario-internacional-arquitectura-y-etnografia\/#primaryimage"},"thumbnailUrl":"https:\/\/nucleo-lc.org\/wp-content\/uploads\/2022\/05\/slider01.jpg","keywords":["ARQUITECTURA Y ETNOGRAF\u00cdA"],"articleSection":["EVENTOS"],"inLanguage":"en-US"},{"@type":"WebPage","@id":"https:\/\/nucleo-lc.org\/2021\/10\/06\/2o-seminario-internacional-arquitectura-y-etnografia\/","url":"https:\/\/nucleo-lc.org\/2021\/10\/06\/2o-seminario-internacional-arquitectura-y-etnografia\/","name":"2\u00ba Seminario Internacional Arquitectura y Etnograf\u00eda - NLC","isPartOf":{"@id":"https:\/\/nucleo-lc.org\/#website"},"primaryImageOfPage":{"@id":"https:\/\/nucleo-lc.org\/2021\/10\/06\/2o-seminario-internacional-arquitectura-y-etnografia\/#primaryimage"},"image":{"@id":"https:\/\/nucleo-lc.org\/2021\/10\/06\/2o-seminario-internacional-arquitectura-y-etnografia\/#primaryimage"},"thumbnailUrl":"https:\/\/nucleo-lc.org\/wp-content\/uploads\/2022\/05\/slider01.jpg","datePublished":"2021-10-06T23:12:24+00:00","dateModified":"2022-07-01T20:37:07+00:00","author":{"@id":"https:\/\/nucleo-lc.org\/#\/schema\/person\/7aa8e782798b0c2027a5788739cae0ea"},"breadcrumb":{"@id":"https:\/\/nucleo-lc.org\/2021\/10\/06\/2o-seminario-internacional-arquitectura-y-etnografia\/#breadcrumb"},"inLanguage":"en-US","potentialAction":[{"@type":"ReadAction","target":["https:\/\/nucleo-lc.org\/2021\/10\/06\/2o-seminario-internacional-arquitectura-y-etnografia\/"]}]},{"@type":"ImageObject","inLanguage":"en-US","@id":"https:\/\/nucleo-lc.org\/2021\/10\/06\/2o-seminario-internacional-arquitectura-y-etnografia\/#primaryimage","url":"https:\/\/nucleo-lc.org\/wp-content\/uploads\/2022\/05\/slider01.jpg","contentUrl":"https:\/\/nucleo-lc.org\/wp-content\/uploads\/2022\/05\/slider01.jpg","width":1000,"height":1018},{"@type":"BreadcrumbList","@id":"https:\/\/nucleo-lc.org\/2021\/10\/06\/2o-seminario-internacional-arquitectura-y-etnografia\/#breadcrumb","itemListElement":[{"@type":"ListItem","position":1,"name":"Portada","item":"https:\/\/nucleo-lc.org\/"},{"@type":"ListItem","position":2,"name":"2\u00ba Seminario Internacional Arquitectura y Etnograf\u00eda"}]},{"@type":"WebSite","@id":"https:\/\/nucleo-lc.org\/#website","url":"https:\/\/nucleo-lc.org\/","name":"NLC","description":"N\u00daCLEO LENGUAJE CREACI\u00d3N","potentialAction":[{"@type":"SearchAction","target":{"@type":"EntryPoint","urlTemplate":"https:\/\/nucleo-lc.org\/?s={search_term_string}"},"query-input":{"@type":"PropertyValueSpecification","valueRequired":true,"valueName":"search_term_string"}}],"inLanguage":"en-US"},{"@type":"Person","@id":"https:\/\/nucleo-lc.org\/#\/schema\/person\/7aa8e782798b0c2027a5788739cae0ea","name":"Fernando Portal","image":{"@type":"ImageObject","inLanguage":"en-US","@id":"https:\/\/nucleo-lc.org\/#\/schema\/person\/image\/","url":"https:\/\/secure.gravatar.com\/avatar\/28429de6a957a86d6b67ac5aded78762fd35baa021af8052124ae566923ed565?s=96&d=mm&r=g","contentUrl":"https:\/\/secure.gravatar.com\/avatar\/28429de6a957a86d6b67ac5aded78762fd35baa021af8052124ae566923ed565?s=96&d=mm&r=g","caption":"Fernando Portal"},"sameAs":["https:\/\/nucleo-lc.org\/"],"url":"https:\/\/nucleo-lc.org\/en\/author\/fernando\/"}]}},"_links":{"self":[{"href":"https:\/\/nucleo-lc.org\/en\/wp-json\/wp\/v2\/posts\/4435","targetHints":{"allow":["GET"]}}],"collection":[{"href":"https:\/\/nucleo-lc.org\/en\/wp-json\/wp\/v2\/posts"}],"about":[{"href":"https:\/\/nucleo-lc.org\/en\/wp-json\/wp\/v2\/types\/post"}],"author":[{"embeddable":true,"href":"https:\/\/nucleo-lc.org\/en\/wp-json\/wp\/v2\/users\/4"}],"replies":[{"embeddable":true,"href":"https:\/\/nucleo-lc.org\/en\/wp-json\/wp\/v2\/comments?post=4435"}],"version-history":[{"count":4,"href":"https:\/\/nucleo-lc.org\/en\/wp-json\/wp\/v2\/posts\/4435\/revisions"}],"predecessor-version":[{"id":4442,"href":"https:\/\/nucleo-lc.org\/en\/wp-json\/wp\/v2\/posts\/4435\/revisions\/4442"}],"wp:featuredmedia":[{"embeddable":true,"href":"https:\/\/nucleo-lc.org\/en\/wp-json\/wp\/v2\/media\/4437"}],"wp:attachment":[{"href":"https:\/\/nucleo-lc.org\/en\/wp-json\/wp\/v2\/media?parent=4435"}],"wp:term":[{"taxonomy":"category","embeddable":true,"href":"https:\/\/nucleo-lc.org\/en\/wp-json\/wp\/v2\/categories?post=4435"},{"taxonomy":"post_tag","embeddable":true,"href":"https:\/\/nucleo-lc.org\/en\/wp-json\/wp\/v2\/tags?post=4435"},{"taxonomy":"categoriasgenerales","embeddable":true,"href":"https:\/\/nucleo-lc.org\/en\/wp-json\/wp\/v2\/categoriasgenerales?post=4435"}],"curies":[{"name":"wp","href":"https:\/\/api.w.org\/{rel}","templated":true}]}}